{"id":2550,"date":"2024-06-30T21:33:00","date_gmt":"2024-06-30T20:33:00","guid":{"rendered":"http:\/\/www.eaubonnejudo.com\/wp\/?p=2550"},"modified":"2025-07-12T18:44:04","modified_gmt":"2025-07-12T17:44:04","slug":"resultats-saison-2023-2024","status":"publish","type":"post","link":"http:\/\/www.eaubonnejudo.com\/wp\/resultats-saison-2023-2024\/","title":{"rendered":"R\u00e9sultats Saison 2023\/2024"},"content":{"rendered":"\t\t<div data-elementor-type=\"wp-post\" data-elementor-id=\"2550\" class=\"elementor elementor-2550\">\n\t\t\t\t\t\t\t\t\t<section class=\"elementor-section elementor-top-section elementor-element elementor-element-542fd0b6 elementor-section-height-min-height elementor-section-boxed elementor-section-height-default elementor-section-items-middle\" data-id=\"542fd0b6\" data-element_type=\"section\">\n\t\t\t\t\t\t<div class=\"elementor-container elementor-column-gap-wide\">\n\t\t\t\t\t<div class=\"elementor-column elementor-col-100 elementor-top-column elementor-element elementor-element-79bf56de\" data-id=\"79bf56de\" data-element_type=\"column\">\n\t\t\t<div class=\"elementor-widget-wrap elementor-element-populated\">\n\t\t\t\t\t\t\t\t<div class=\"elementor-element elementor-element-50ab6913 elementor-widget__width-initial elementor-widget elementor-widget-text-editor\" data-id=\"50ab6913\" data-element_type=\"widget\" data-widget_type=\"text-editor.default\">\n\t\t\t\t<div class=\"elementor-widget-container\">\n\t\t\t<style>\/*! elementor - v3.15.0 - 20-08-2023 *\/\n.elementor-widget-text-editor.elementor-drop-cap-view-stacked .elementor-drop-cap{background-color:#69727d;color:#fff}.elementor-widget-text-editor.elementor-drop-cap-view-framed .elementor-drop-cap{color:#69727d;border:3px solid;background-color:transparent}.elementor-widget-text-editor:not(.elementor-drop-cap-view-default) .elementor-drop-cap{margin-top:8px}.elementor-widget-text-editor:not(.elementor-drop-cap-view-default) .elementor-drop-cap-letter{width:1em;height:1em}.elementor-widget-text-editor .elementor-drop-cap{float:left;text-align:center;line-height:1;font-size:50px}.elementor-widget-text-editor .elementor-drop-cap-letter{display:inline-block}<\/style>\t\t\t\t<p><!-- wp:paragraph {\"style\":{\"elements\":{\"link\":{\"color\":{\"text\":\"var:preset|color|accent\"}}}},\"textColor\":\"accent\",\"fontSize\":\"normal\"} --><\/p>\n<p><span style=\"color: #ff0000;\"><strong>07\/10\/2023: Crit\u00e9rium 95 Cadets(ettes)<\/strong><\/span><\/p>\n<ul>\n<li>-90 : Gr\u00e9gory DELUMEAU 1er,<\/li>\n<li><span style=\"color: var( --e-global-color-text ); font-family: inherit; font-weight: var( --e-global-typography-text-font-weight ); text-align: inherit;\">Participation active de : Mina SAKI, Adel NA\u00cfR, Feras BENABED, Nathan KOKOSSOU.<\/span><\/li>\n<\/ul>\n<p><!-- \/wp:paragraph --><\/p>\n<p><!-- wp:paragraph {\"style\":{\"elements\":{\"link\":{\"color\":{\"text\":\"var:preset|color|accent\"}}}},\"textColor\":\"accent\",\"fontSize\":\"normal\"} --><\/p>\n<p class=\"has-accent-color has-text-color has-link-color has-normal-font-size\"><strong>08\/10\/2023: Crit\u00e9rium 95 Minimes M&amp;F<\/strong><\/p>\n<p><!-- \/wp:paragraph --><\/p>\n<p><!-- wp:paragraph --><\/p>\n<ul>\n<li>-42 : Etan Bocquet Baptista 1er,<\/li>\n<li><span style=\"color: var( --e-global-color-text ); font-family: inherit; font-weight: var( --e-global-typography-text-font-weight ); text-align: inherit;\">-66 : Yacine BENABED 3\u00e8me,<\/span><\/li>\n<li><span style=\"color: var( --e-global-color-text ); font-family: inherit; font-weight: var( --e-global-typography-text-font-weight ); text-align: inherit;\">+73 : Gurgen MURADYAN 3\u00e8me,<\/span><\/li>\n<li>Participation active de: Kim ANSELME, Youma SYLLA, Tha\u00efs DELUMEAU, Mehdi MEDDEB.<\/li>\n<\/ul>\n<p><!-- \/wp:paragraph --><\/p>\n<p><!-- wp:paragraph {\"style\":{\"elements\":{\"link\":{\"color\":{\"text\":\"var:preset|color|accent\"}}}},\"textColor\":\"accent\",\"fontSize\":\"normal\"} --><\/p>\n<p class=\"has-accent-color has-text-color has-link-color has-normal-font-size\"><strong>21\/10\/2023: Master V\u00e9t\u00e9rans de Tremblay<\/strong><\/p>\n<p><!-- \/wp:paragraph --><\/p>\n<p><!-- wp:paragraph --><\/p>\n<ul>\n<li>M7 -90 : Alex DRAPIN 1er,<\/li>\n<li>M2 -66: Cyril ROCTON 5\u00e8me<\/li>\n<\/ul>\n<p><!-- \/wp:paragraph --><\/p>\n<p><!-- wp:paragraph {\"style\":{\"elements\":{\"link\":{\"color\":{\"text\":\"var:preset|color|accent\"}}}},\"textColor\":\"accent\",\"fontSize\":\"normal\"} --><\/p>\n<p class=\"has-accent-color has-text-color has-link-color has-normal-font-size\"><strong>12\/11\/2023 : Equipes 95 Seniors 1D<\/strong><\/p>\n<p><!-- \/wp:paragraph --><\/p>\n<p><!-- wp:paragraph --><\/p>\n<ul>\n<li>CSM EAUBONNE JUDO 7\u00e8me<\/li>\n<\/ul>\n<p><!-- \/wp:paragraph --><\/p>\n<p><!-- wp:paragraph {\"style\":{\"elements\":{\"link\":{\"color\":{\"text\":\"var:preset|color|accent\"}}}},\"textColor\":\"accent\",\"fontSize\":\"normal\"} --><\/p>\n<p class=\"has-accent-color has-text-color has-link-color has-normal-font-size\"><strong>12\/11\/2023: Coupe Kyus Cadets(ettes)<\/strong><\/p>\n<p><!-- \/wp:paragraph --><\/p>\n<p><!-- wp:paragraph --><\/p>\n<ul>\n<li>-90 : Gr\u00e9gory DELUMEAU 1er,<\/li>\n<li>-63: Charlie GBAHODE LE CRAS 2\u00e8me,<\/li>\n<li>-55: Adel NA\u00cfR 2\u00e8me,<\/li>\n<li>-52 : Mina SAKI 3\u00e8me,<\/li>\n<li>-66: Feras BENABED 5\u00e8me,<\/li>\n<li>-90: Nathan KOKOSSOU 4\u00e8me, Ilies ARKAM 4\u00e8me.<\/li>\n<\/ul>\n<p><!-- \/wp:paragraph --><\/p>\n<p><!-- wp:paragraph {\"style\":{\"elements\":{\"link\":{\"color\":{\"text\":\"var:preset|color|accent\"}}}},\"textColor\":\"accent\"} --><\/p>\n<p class=\"has-accent-color has-text-color has-link-color\"><strong>19\/11\/2023: Master V\u00e9t\u00e9ran de NANTES<\/strong><\/p>\n<p><!-- \/wp:paragraph --><\/p>\n<p><!-- wp:paragraph --><\/p>\n<ul>\n<li>M7 -90kg: Alex DRAPIN 2\u00e8me<\/li>\n<\/ul>\n<p><!-- \/wp:paragraph --><\/p>\n<p><!-- wp:paragraph {\"style\":{\"elements\":{\"link\":{\"color\":{\"text\":\"var:preset|color|accent\"}}}},\"textColor\":\"accent\"} --><\/p>\n<p class=\"has-accent-color has-text-color has-link-color\"><strong>26\/11\/2023: Tournoi de M\u00e9ru(60)<\/strong><\/p>\n<p><!-- \/wp:paragraph --><\/p>\n<p><!-- wp:paragraph --><\/p>\n<ul>\n<li><strong>16 judokas<\/strong> ont particip\u00e9 au tournoi de M\u00e9ru, 5 places de 1er, 5 places de 2\u00e8me et 6 places de 3\u00e8me et 4\u00e8me.<\/li>\n<\/ul>\n<p><!-- \/wp:paragraph --><\/p>\n<p><!-- wp:paragraph --><\/p>\n<ul>\n<li><strong>Benjamins\u00a0: 2012\/2013<\/strong><br \/>1er: Yiad Chabna, Martin Hauchecorne, Ethan Nguyen_Koka<br \/>2\u00e8me: Sakinath Assani, Abel Hennebois,<br \/>3\u00e8me : Victor Miguet, Victor da Silva, Elias Modika Chara<\/li>\n<\/ul>\n<p><!-- \/wp:paragraph --><\/p>\n<p><!-- wp:paragraph --><\/p>\n<ul>\n<li><strong>Minimes: 2010\/2011<\/strong><br \/>1er: Ethan BOCQUET BAPTISTA,<br \/>2\u00e8me: Tha\u00efs DELUMEAU,<br \/>3\u00e8me : Djena KONATE, Arnaud ROHRLE<\/li>\n<\/ul>\n<p><!-- \/wp:paragraph --><\/p>\n<p><!-- wp:paragraph --><\/p>\n<ul>\n<li><strong>Juniors\/Seniors:<\/strong><br \/>1er: Pascal GBAHODE. <br \/>2\u00e8me: Alex DRAPIN<br \/>3\u00e8me: Antoine MIGUET.<\/li>\n<\/ul>\n<p><!-- \/wp:paragraph --><\/p>\n<p><!-- wp:paragraph {\"style\":{\"elements\":{\"link\":{\"color\":{\"text\":\"var:preset|color|accent\"}}}},\"textColor\":\"accent\"} --><\/p>\n<p class=\"has-accent-color has-text-color has-link-color\"><strong>02\/12\/2023: Tournoi de PUISEUX EN FRANCE (95)<\/strong><\/p>\n<p><!-- \/wp:paragraph --><\/p>\n<p><!-- wp:paragraph --><\/p>\n<p><strong>24 combattants<\/strong>: 11 places de 1er, 7 places de 2\u00e8me, 6 places de 3\u00e8me. <br \/>Le club se classe 5\u00e8me sur 27 clubs pr\u00e9sents. Bon r\u00e9sultats, bravo \u00e0 tous.<\/p>\n<p><!-- \/wp:paragraph --><\/p>\n<p><!-- wp:paragraph {\"style\":{\"elements\":{\"link\":{\"color\":{\"text\":\"var:preset|color|black\"}}}},\"textColor\":\"black\"} --><\/p>\n<ul>\n<li><strong>Poussins : 2014\/2015<\/strong><br \/>1er : Me\u00efssa Diarra, Lya Gbahode Le Cras, Isma\u00ebl Konat\u00e9, Malek Meddeb<br \/>2\u00e8me : Selyane Cherich, Youssef Sa\u00efd Mansour, Emmanuel Njinbou,<br \/>3\u00e8me : Zidane Cherich, Idris Modika Chara<\/li>\n<\/ul>\n<p><!-- \/wp:paragraph --><\/p>\n<p><!-- wp:paragraph --><\/p>\n<ul>\n<li><strong>Benjamins: 2012\/2013<\/strong><br \/>1er: Myriam BENABED, Walid BENABED, Iyad CHAABNA, Roman DUCHENE<br \/>2\u00e8me : Abel HENNEBOIS, Issah FATEH<br \/>3\u00e9me : Alexandre RIBEIRO, Ylian AIT-KALDHOUN<\/li>\n<\/ul>\n<p><!-- \/wp:paragraph --><\/p>\n<p><!-- wp:paragraph --><\/p>\n<ul>\n<li><strong>Minimes: 2010\/2011<\/strong><br \/>1er : Tha\u00efs DELUMEAU, Mehdi MEDDEB,<br \/>2\u00e8me : Ethan BOCQUET BAPTISTA<br \/>3\u00e8me : Djena KONATE, Arnaud ROHRLE,<\/li>\n<li><strong>Cadets: 2007\/92008\/2009<\/strong><\/li>\n<\/ul>\n<p>1er : Adel NAIR,2\u00e8me : KOKOSSOU<\/p>\n<p><!-- \/wp:paragraph --><\/p>\n<p><!-- wp:paragraph --><\/p>\n<p><!-- \/wp:paragraph --><\/p>\n<p><!-- wp:paragraph {\"style\":{\"elements\":{\"link\":{\"color\":{\"text\":\"var:preset|color|accent\"}}}},\"textColor\":\"accent\"} --><\/p>\n<p class=\"has-accent-color has-text-color has-link-color\"><strong>09\/12\/23: Masters Label Excellence Angers (49)<\/strong><\/p>\n<p><!-- \/wp:paragraph --><\/p>\n<p><!-- wp:paragraph {\"style\":{\"elements\":{\"link\":{\"color\":{\"text\":\"var:preset|color|black\"}}}},\"textColor\":\"black\"} --><\/p>\n<ul>\n<li class=\"has-black-color has-text-color has-link-color\">M7-90: Alex DRAPIN 2\u00e8me<\/li>\n<li class=\"has-black-color has-text-color has-link-color\">M3-100: Pascal GBAHODE NC<\/li>\n<\/ul>\n<p><!-- \/wp:paragraph --><\/p>\n<p><!-- wp:paragraph {\"style\":{\"elements\":{\"link\":{\"color\":{\"text\":\"var:preset|color|accent\"}}}},\"textColor\":\"accent\"} --><\/p>\n<p class=\"has-accent-color has-text-color has-link-color\"><strong>9-10\/12\/23: Forges Les Eaux Label A (27)<\/strong><\/p>\n<p><!-- \/wp:paragraph --><\/p>\n<p><!-- wp:paragraph {\"style\":{\"elements\":{\"link\":{\"color\":{\"text\":\"var:preset|color|black\"}}}},\"textColor\":\"black\"} --><\/p>\n<ul>\n<li class=\"has-black-color has-text-color has-link-color\">Cadet: Gr\u00e9gory DELUMEAU NC<\/li>\n<li class=\"has-black-color has-text-color has-link-color\">Minime: Etan BOCQUET_BAPTISTA NC<\/li>\n<\/ul>\n<p><!-- \/wp:paragraph --><\/p>\n<p><!-- wp:paragraph {\"style\":{\"elements\":{\"link\":{\"color\":{\"text\":\"var:preset|color|accent\"}}}},\"textColor\":\"accent\"} --><\/p>\n<p class=\"has-accent-color has-text-color has-link-color\"><strong>17\/12\/2023: Tournoi de MAGNY EN VEXIN (95)<\/strong><\/p>\n<p><!-- \/wp:paragraph --><\/p>\n<p><!-- wp:paragraph --><\/p>\n<p><strong>26 combattants<\/strong>: 8 places de 1er, 6 places de 2\u00e8me, 11 places\u00a0de 3\u00e8me.<br \/>Bon r\u00e9sultats, bravo \u00e0 tous.<\/p>\n<p><!-- \/wp:paragraph --><\/p>\n<p><!-- wp:paragraph {\"style\":{\"elements\":{\"link\":{\"color\":{\"text\":\"var:preset|color|black\"}}}},\"textColor\":\"black\"} --><\/p>\n<ul>\n<li class=\"has-black-color has-text-color has-link-color\"><strong>Mini-Poussins: 2016\/2017<\/strong><br \/>1er : Maty M&#8217;BAYE, Louis Camille YVIS, Malo LEMOGNE, Rapha\u00ebl NGUYEN KOKA<br \/>2\u00e8me : Malika ASSANI, Emma-Rose MIGNOT, Marceau BEURRIER, Mael KERHERNO, Neylan DJEMIL, Lucas MARTIN, <br \/>3\u00e8me : A\u00efdan AHMED DAOUD, Djimon LOKO, L\u00e9o PELTIER BANZI, Wassim SAID MANSOUR, L\u00e9o COURIVAUD, Lo\u00efck DOLLIN, Ma\u00ebl DUFOUR, Lounis HUYOT<\/li>\n<\/ul>\n<p><!-- \/wp:paragraph --><\/p>\n<p><!-- wp:paragraph --><\/p>\n<ul>\n<li><strong>Poussins: 2014\/2015<\/strong><br \/>1er : Me\u00efssa DIARRA, Lya GBAHODE LE CRAS , Idriss MODIKA CHARA, Erwan KERHERNO, <br \/>3\u00e8me : Mya BIGORD, Youcef Sa\u00efd MANSOUR, Seyha N&#8217;GUYEN <br \/>4\u00e8me : Anis ROKBANI<\/li>\n<\/ul>\n<p><!-- \/wp:paragraph --><\/p>\n<p><!-- wp:paragraph {\"style\":{\"elements\":{\"link\":{\"color\":{\"text\":\"var:preset|color|accent\"}}}},\"textColor\":\"accent\"} --><\/p>\n<p class=\"has-accent-color has-text-color has-link-color\"><strong>17\/12\/2023: 1\u00e8re S\u00e9lection 95 Benjamins M&amp;F HERBLAY (95)<\/strong><\/p>\n<p><!-- \/wp:paragraph --><\/p>\n<p><!-- wp:paragraph --><\/p>\n<p><strong>20 combattants<\/strong>: 5 places de 1er, 3 places de 2\u00e8me, 8 places\u00a0de 3\u00e8me, 3 places de 4\u00e8me et 1 place de 5\u00e8me.<\/p>\n<p><!-- \/wp:paragraph --><\/p>\n<p><!-- wp:paragraph --><\/p>\n<ul>\n<li><strong>Benjamins: 2012\/2013<\/strong><br \/>1er: Walid BENABED(38), Iyad CHAABNA(30), Martin HAUCHECORNE(38), Ethan NGUYEN KOKA(38), Issa FATEH(60)<br \/>2\u00e8me : Marina MURADYAN(+63), Roman DUCHENE(46), Rapha\u00ebl CORREIRA(42), <br \/>3\u00e9me : Sakinath ASSANI(32), Myriam BENABED(32), H\u00e9lo\u00efse TRAC(57), Alexandre RIBEIRO(34), Amine NA\u00cfR(42), Warren DJOUMBISSIE(42), Rapha\u00ebl DUARTE(42), Prince-David KITOKO LABELA(50), 4\u00e8me: Ylian AIT-KALDHOUN(38), Victor MIGUET(42), Victor DASILVA(34), 5\u00e8me: Abel HENNEBOIS(+66)<\/li>\n<\/ul>\n<p><!-- \/wp:paragraph --><\/p>\n<p><!-- wp:paragraph {\"style\":{\"elements\":{\"link\":{\"color\":{\"text\":\"var:preset|color|accent\"}}}},\"textColor\":\"accent\"} --><\/p>\n<p class=\"has-accent-color has-text-color has-link-color\"><strong>13-14\/01\/2024: Chpt 95 Minimes et Cadets M&amp;F HERBLAY (95)<\/strong><\/p>\n<p><!-- \/wp:paragraph --><\/p>\n<p><!-- wp:paragraph --><\/p>\n<ul>\n<li><strong>Cadets(13\/01)<\/strong><br \/>-55: Adel NAIR 9\u00e8me<br \/>-73: Feras BENABED NC<br \/>-90: Gr\u00e9gory DELUMEAU <strong>3\u00e8me<\/strong><br \/>Nathan KOKOSSOU 5\u00e8me<\/li>\n<\/ul>\n<p><!-- \/wp:paragraph --><\/p>\n<p><!-- wp:paragraph --><\/p>\n<ul>\n<li><strong>Minimes(14\/01)<\/strong><br \/>-52: Tha\u00efs DELUMEAU 9\u00e8me<br \/>Youma SYLLA <strong>3\u00e8me<\/strong><br \/>-42: Etan BOCQUET BAPTISTA <strong>1er<\/strong><br \/>-46: Hamet SYLLA NC<br \/>\u00a0\u00a0\u00a0\u00a0\u00a0\u00a0\u00a0 Mehdi MEDDEB NC<br \/>-66: Yacine BENABED <strong>2\u00e8me<\/strong><\/li>\n<\/ul>\n<p><!-- \/wp:paragraph --><\/p>\n<p><!-- wp:paragraph {\"style\":{\"elements\":{\"link\":{\"color\":{\"text\":\"var:preset|color|accent\"}}}},\"textColor\":\"accent\"} --><\/p>\n<p class=\"has-accent-color has-text-color has-link-color\"><strong>20\/01\/2024: Chpt 95 Juniors M&amp;F HERBLAY (95)<\/strong><\/p>\n<p><!-- \/wp:paragraph --><\/p>\n<p><!-- wp:paragraph --><\/p>\n<ul>\n<li>-60: F\u00e9lix REVEAU 7\u00e8me<\/li>\n<\/ul>\n<p><!-- \/wp:paragraph --><\/p>\n<p><!-- wp:paragraph {\"style\":{\"elements\":{\"link\":{\"color\":{\"text\":\"var:preset|color|accent\"}}}},\"textColor\":\"accent\"} --><\/p>\n<p class=\"has-accent-color has-text-color has-link-color\"><strong>21\/01\/2024: Masters V\u00e9t\u00e9rans de MOUVAUX(59)<\/strong><\/p>\n<p><!-- \/wp:paragraph --><\/p>\n<p><!-- wp:paragraph --><\/p>\n<ul>\n<li>M7-90: Alex DRAPIN 3\u00e8me<\/li>\n<\/ul>\n<p><!-- \/wp:paragraph --><\/p>\n<p><!-- wp:paragraph {\"style\":{\"elements\":{\"link\":{\"color\":{\"text\":\"var:preset|color|accent\"}}}},\"textColor\":\"accent\"} --><\/p>\n<p class=\"has-accent-color has-text-color has-link-color\"><strong>27\/01\/2024: Chpt 95 seniors 1D M&amp;F HERBLAY (95)<\/strong><\/p>\n<p><!-- \/wp:paragraph --><\/p>\n<p><!-- wp:paragraph --><\/p>\n<ul>\n<li>-100: Pascal GBAHODE 2\u00e8me<\/li>\n<\/ul>\n<p><!-- \/wp:paragraph --><\/p>\n<p><!-- wp:paragraph {\"style\":{\"elements\":{\"link\":{\"color\":{\"text\":\"var:preset|color|accent\"}}}},\"textColor\":\"accent\"} --><\/p>\n<p class=\"has-accent-color has-text-color has-link-color\"><strong>28\/01\/202: Tournoi de CHAMPAGNE S\/O (95)<\/strong><\/p>\n<p><!-- \/wp:paragraph --><\/p>\n<p><!-- wp:paragraph --><\/p>\n<p><strong>48 combattants<\/strong>: 21 places de 1er, 10 places de 2\u00e8me, 17 places\u00a0de 3\u00e8me.<br \/>Bon r\u00e9sultats, bravo \u00e0 tous.<\/p>\n<p><!-- \/wp:paragraph --><\/p>\n<p><!-- wp:paragraph {\"style\":{\"elements\":{\"link\":{\"color\":{\"text\":\"var:preset|color|black\"}}}},\"textColor\":\"black\"} --><\/p>\n<ul>\n<li class=\"has-black-color has-text-color has-link-color\"><strong>Mini-Poussins: 201<\/strong>7<br \/>1er : Mael KERHERNO, Djimon LOKO, Tilio DASSOT, Elliot GIGANT<br \/>2\u00e8me : Maty M&#8217;BAYE, Leo Paul COURIVAUD, <br \/>3\u00e8me : A\u00efdan AHMED DAOUD, Marceau BEURRIER, Charles ABRAHAM, Anis LAHOUEL, Leonard ROMELE<\/li>\n<\/ul>\n<p><!-- \/wp:paragraph --><\/p>\n<p><!-- wp:paragraph --><\/p>\n<ul>\n<li><strong>Mini-Poussins: 2016<\/strong><br \/>1er : Malo LEMOGNE, Neylan DJEMIL, Augustin LACHASSE,<br \/>2\u00e8me : Emma-Rose MIGNOT, Keyanna BAIL, Gabriel EBELLE, Nathan URBIN,<br \/>3\u00e8me : Julia ROHRLE, Malika ASSANI, No\u00e9 AUFRERE-ETESSE, Lo\u00efck DOLLIN, Ma\u00ebl DUFOUR, Y\u00e9l\u00e9na DJOUMBISSIE, Aroun IKHELEF, Jean LIETARD,<\/li>\n<\/ul>\n<p><!-- \/wp:paragraph --><\/p>\n<p><!-- wp:paragraph --><\/p>\n<ul>\n<li><strong>Poussins: 2014\/2015<\/strong><br \/>1er : Me\u00efssa DIARRA, Idriss MODIKA CHARA, Erwan KERHERNO, Malek MEDDEB, Selyane CHERIKH<br \/>2\u00e8me : Anis ROKBANI<br \/>3\u00e8me : Mya BIGORD, Janis BEKKA, Z\u00e9lie LE GAC, Castiel CHAPUIS ROBIN,<\/li>\n<\/ul>\n<p><!-- \/wp:paragraph --><\/p>\n<p><!-- wp:paragraph --><\/p>\n<ul>\n<li><strong>Benjamins: 2012\/2013<\/strong><br \/>1er : Emma DRILLET-CHIRANIAN, Myriam BENABED, Y\u00e9l\u00e9na M&#8217;BRA EKANZA, Marina MURADYAN, Iyad CHAABNA, Roman DUCHENE, Martin HAUCHECORNE, Nahil MARMONIER, Walid BENABED, <br \/>2\u00e8me : Sakhinath ASSANI, Ylian AIT KHALDOUN, Rapha\u00ebl CORREIA<\/li>\n<\/ul>\n<p><!-- \/wp:paragraph --><\/p>\n<p><!-- wp:paragraph {\"style\":{\"elements\":{\"link\":{\"color\":{\"text\":\"var:preset|color|accent\"}}}},\"textColor\":\"accent\"} --><\/p>\n<p class=\"has-accent-color has-text-color has-link-color\"><strong>10\/02\/2024: CHPT IDF MINIMES VILLEBON SUR YVETTE (91)<\/strong><\/p>\n<p><!-- \/wp:paragraph --><\/p>\n<p><!-- wp:paragraph --><\/p>\n<ul>\n<li>Participation active de Youma SYLLA et de Etan BOCQUET BAPTISTA sans r\u00e9sultats malheureusement<\/li>\n<\/ul>\n<p><!-- \/wp:paragraph --><\/p>\n<p><!-- wp:paragraph {\"style\":{\"elements\":{\"link\":{\"color\":{\"text\":\"var:preset|color|accent\"}}}},\"textColor\":\"accent\"} --><\/p>\n<p class=\"has-accent-color has-text-color has-link-color\"><strong>09\/03\/2024: NOUVELLE CEINTURE NOIRE<\/strong><\/p>\n<p><!-- \/wp:paragraph --><\/p>\n<p><!-- wp:paragraph --><\/p>\n<ul>\n<li>NGUYEN CHUONG ceinture noire 1er DAN<\/li>\n<\/ul>\n<p><!-- \/wp:paragraph --><\/p>\n<p><!-- wp:paragraph {\"style\":{\"elements\":{\"link\":{\"color\":{\"text\":\"var:preset|color|accent\"}}}},\"textColor\":\"accent\"} --><\/p>\n<p class=\"has-accent-color has-text-color has-link-color\"><strong>10\/03\/2024: 2\u00e8me S\u00e9lection 95 Benjamins M&amp;F HERBLAY (95)<\/strong><\/p>\n<p><!-- \/wp:paragraph --><\/p>\n<p><!-- wp:paragraph --><\/p>\n<p><strong>11 combattants<\/strong>: 2 places de 1er, 4 places de 2\u00e8me, 5 places\u00a0de 3\u00e8me.<\/p>\n<p><!-- \/wp:paragraph --><\/p>\n<p><!-- wp:paragraph --><\/p>\n<ul>\n<li><strong>Benjamins: 2012\/2013<\/strong><br \/>1er: Walid BENABED(38), Iyad CHAABNA(34),<br \/>2\u00e8me : Emma DRILLET-CHIRANIAN, Y\u00e9l\u00e9na M&#8217;BRA EKANZA, Martin HAUCHECORNE(42), Alexandre RIBEIRO(34)<br \/>3\u00e9me : Myriam BENABED(32), H\u00e9lo\u00efse TRAC(57), Ethan NGUYEN KOKA(34), Roman DUCHENE(46), Victor DASILVA(34).<\/li>\n<\/ul>\n<p><!-- \/wp:paragraph --><\/p>\n<p><!-- wp:paragraph {\"style\":{\"elements\":{\"link\":{\"color\":{\"text\":\"var:preset|color|accent\"}}}},\"textColor\":\"accent\"} --><\/p>\n<p class=\"has-accent-color has-text-color has-link-color\"><strong>17\/03\/2024: NOUVELLE CEINTURE NOIRE 2\u00e8me DAN<\/strong><\/p>\n<p><!-- \/wp:paragraph --><\/p>\n<p><!-- wp:paragraph --><\/p>\n<ul>\n<li>Pascal GBAHODE Ceinture noire 2\u00e8me DAN \u2026 F\u00e9licitations<\/li>\n<\/ul>\n<p><!-- \/wp:paragraph --><\/p>\n<p><!-- wp:paragraph {\"style\":{\"elements\":{\"link\":{\"color\":{\"text\":\"var:preset|color|accent\"}}}},\"textColor\":\"accent\"} --><\/p>\n<p class=\"has-accent-color has-text-color has-link-color\"><strong>17\/03\/2024: CHPT IDF CADETS BRETIGNY SUR ORGE (91)<\/strong><\/p>\n<p><!-- \/wp:paragraph --><\/p>\n<p><!-- wp:paragraph --><\/p>\n<ul>\n<li>Gr\u00e9gory DELUMEAU 9\u00e8me en -90kg<\/li>\n<\/ul>\n<p><!-- \/wp:paragraph --><\/p>\n<p><!-- wp:paragraph {\"style\":{\"elements\":{\"link\":{\"color\":{\"text\":\"var:preset|color|accent\"}}}},\"textColor\":\"accent\"} --><\/p>\n<p class=\"has-accent-color has-text-color has-link-color\"><strong>17\/03\/2024: MASTER LE MEE SUR SEINE (91)<\/strong><\/p>\n<p><!-- \/wp:paragraph --><\/p>\n<p><!-- wp:paragraph --><\/p>\n<ul>\n<li>Alex DRAPIN 2\u00e8me en -90kg<\/li>\n<\/ul>\n<p><!-- \/wp:paragraph --><\/p>\n<p><!-- wp:paragraph {\"style\":{\"elements\":{\"link\":{\"color\":{\"text\":\"var:preset|color|accent\"}}}},\"textColor\":\"accent\"} --><\/p>\n<p class=\"has-accent-color has-text-color has-link-color\"><strong>31\/03\/2024\u00a0: TOURNOI DE LUZARCHES (95)<\/strong><\/p>\n<p><!-- \/wp:paragraph --><\/p>\n<p><!-- wp:paragraph --><\/p>\n<p><strong>44 combattants<\/strong>: 16 places de 1er, 17 places de 2\u00e8me, 7 places\u00a0de 3\u00e8me, 4 place de 4\u00e8me.<br \/>Bon r\u00e9sultats, bravo \u00e0 tous.<\/p>\n<p><!-- \/wp:paragraph --><\/p>\n<p><!-- wp:paragraph {\"style\":{\"elements\":{\"link\":{\"color\":{\"text\":\"var:preset|color|black\"}}}},\"textColor\":\"black\"} --><\/p>\n<ul>\n<li class=\"has-black-color has-text-color has-link-color\"><strong>Mini-Poussins: 2017 (9)<\/strong><br \/>1er : DIARRA ISSA, GIGANT ELIOTT, KERHERNO MAEL <br \/>2\u00e8me : AHMED DAOUD A\u00cfDAN, ZULIAN TYA<br \/>3\u00e8me : DASSOT TILIO, LAHOUEL ANIS, ROMEL\u00c9 L\u00c9ONARD, 4\u00e8me : YAHIAOUI\u00a0ADAM<\/li>\n<\/ul>\n<p><!-- \/wp:paragraph --><\/p>\n<p><!-- wp:paragraph --><\/p>\n<ul>\n<li><strong>Mini-Poussins: 2016 (11)<\/strong><br \/>1er : MIGNOT EMMA-ROSE, LEMOGNE MALO, MARTIN LUCAS, NGUYEN KOKA RAPHA\u00cbL<br \/>2\u00e8me : AUFRERE ETESSE NO\u00c9, EBELLE GABRIEL, HUYOT LOUNIS, LACHASSE AUGUSTIN <br \/>3\u00e8me : LIETARD JEAN; 4<sup>\u00e8me<\/sup>\u00a0: BOISSEAU LUCIEN, AIT HABIB ELYAN<\/li>\n<\/ul>\n<p><!-- \/wp:paragraph --><\/p>\n<p><!-- wp:paragraph --><\/p>\n<ul>\n<li><strong>POUSSINS 2014-2015 (12)<\/strong><br \/>1er : DIARRA ME\u00cfSSA, GBAHODE LE CRAS LYA, KERHERNO ERWAN, MEDDEB MALEK, MGUINBOUS EMMANUEL<br \/>2\u00e8me : BASSOP IBRAHIM, GUEBOUL YOUNES ADAM, POLI AUGUSTIN, ROKBANI ANIS<br \/>3\u00e8me : BEKKA JANIS, DRILLET-CHIRANIAN\u00a0 THOMAS, 4<sup>\u00e8me\u00a0<\/sup>: BIGORD MYA<\/li>\n<\/ul>\n<p><!-- \/wp:paragraph --><\/p>\n<p><!-- wp:paragraph --><\/p>\n<ul>\n<li><strong>BENJAMINS ES 2012-2013 (12)<\/strong><br \/>1er : DRILLET-CHIRANIAN EMMA, AIT KHALDOUN YILAN, CHAABNA IYAD, HENNEBOIS ABEL<br \/>2\u00e8me : ASSANI SAKINATH , M&#8217;BRA EKANZA Y\u00c9L\u00c9NA, MIGUET VICTOR, MODIKA CHARA ELIAS, MURADYAN MARINA, NAIR AMINE, RIBEIRO ALEXANDRE, <br \/>3\u00e8me : DUCHENE ROMAN<\/li>\n<\/ul>\n<p><!-- \/wp:paragraph --><\/p>\n<p><!-- wp:paragraph {\"style\":{\"elements\":{\"link\":{\"color\":{\"text\":\"var:preset|color|accent\"}}}},\"textColor\":\"accent\"} --><\/p>\n<p class=\"has-accent-color has-text-color has-link-color\"><strong>07\/04\/2024: Finale 95 Benjamins M&amp;F HERBLAY (95)<\/strong><\/p>\n<p><!-- \/wp:paragraph --><\/p>\n<p><!-- wp:paragraph --><\/p>\n<p><strong>7 combattants<\/strong>: 3 qualifi\u00e9s pour les IDF du 26\/05\/24.<\/p>\n<p><!-- \/wp:paragraph --><\/p>\n<p><!-- wp:paragraph --><\/p>\n<ul>\n<li><strong>Benjamins: 2012\/2013<\/strong><br \/>2\u00e8me: Walid BENABED(38), (Qualifi\u00e9)<br \/>5\u00e8me : Iyad CHAABNA(34) et Issa FATEH (60), (Qualifi\u00e9s)<br \/>NC : Ethan NGUYEN KOKA(34), Roman DUCHENE(46), Martin HAUCHECORNE(38), Alexandre RIBEIRO(34).<\/li>\n<\/ul>\n<p><!-- \/wp:paragraph --><\/p>\n<p><!-- wp:paragraph {\"style\":{\"elements\":{\"link\":{\"color\":{\"text\":\"var:preset|color|accent\"}}}},\"textColor\":\"accent\"} --><\/p>\n<p class=\"has-accent-color has-text-color has-link-color\"><strong>20\/04\/24: Masters Label Excellence Tours (37)<\/strong><\/p>\n<p><!-- \/wp:paragraph --><\/p>\n<p><!-- wp:paragraph --><\/p>\n<ul>\n<li>M7-90: Alex DRAPIN 2\u00e8me<\/li>\n<li>M5-100: Mathieu SCHNELL 5\u00e8me<\/li>\n<li>M4-100: Pascal GBAHODE 1er<\/li>\n<\/ul>\n<p><!-- \/wp:paragraph --><\/p>\n<p><!-- wp:paragraph {\"style\":{\"elements\":{\"link\":{\"color\":{\"text\":\"var:preset|color|accent\"}}}},\"textColor\":\"accent\"} --><\/p>\n<p class=\"has-accent-color has-text-color has-link-color\"><strong>27-28\/04\/2024\u00a0: Coupe EAUBONNE 2024 &#8220;Michel ESCUER&#8221;<\/strong><\/p>\n<p><!-- \/wp:paragraph --><\/p>\n<p><!-- wp:paragraph --><\/p>\n<p><strong>68 Eveil Judo et<\/strong> <strong>60 combattants<\/strong>: 23 places de 1er, 18 places de 2\u00e8me.<br \/>Bon r\u00e9sultats, bravo \u00e0 tous.<\/p>\n<p><!-- \/wp:paragraph --><\/p>\n<p><!-- wp:paragraph {\"style\":{\"elements\":{\"link\":{\"color\":{\"text\":\"var:preset|color|accent\"}}}},\"textColor\":\"accent\"} --><\/p>\n<p class=\"has-accent-color has-text-color has-link-color\"><strong>28\/04\/24: Championnat IDF 1D Seniors<\/strong><\/p>\n<p><!-- \/wp:paragraph --><\/p>\n<p><!-- wp:paragraph --><\/p>\n<ul>\n<li>Pascal GBAHODE \u00e0 particip\u00e9 aux IDF Seniors 1D<\/li>\n<\/ul>\n<p><!-- \/wp:paragraph --><\/p>\n<p><!-- wp:paragraph {\"style\":{\"elements\":{\"link\":{\"color\":{\"text\":\"var:preset|color|accent\"}}}},\"textColor\":\"accent\"} --><\/p>\n<p class=\"has-accent-color has-text-color has-link-color\"><strong>04\/05\/24: Championnat 95 2D Cadets ettes (95)<\/strong><\/p>\n<p><!-- \/wp:paragraph --><\/p>\n<p><!-- wp:paragraph --><\/p>\n<ul>\n<li>-90: Gr\u00e9gory DELUMEAU 1er, <strong>Il est<\/strong> <strong>qualifi\u00e9 pour les championnats de France 2D<\/strong><\/li>\n<li>-55: Adel NA\u00cfR NC<\/li>\n<li>-70: Charlie GBAHODE LE CRAS NC<\/li>\n<\/ul>\n<p><!-- \/wp:paragraph --><\/p>\n<p><!-- wp:paragraph {\"style\":{\"elements\":{\"link\":{\"color\":{\"text\":\"var:preset|color|accent\"}}}},\"textColor\":\"accent\"} --><\/p>\n<p class=\"has-accent-color has-text-color has-link-color\"><strong>18\/05\/24: Championnat de France 2D Cadets<\/strong> (Ceyrat)<\/p>\n<p><!-- \/wp:paragraph --><\/p>\n<p><!-- wp:paragraph --><\/p>\n<ul>\n<li>-90: Gr\u00e9gory DELUMEAU 5\u00e8me.<\/li>\n<\/ul>\n<p><!-- \/wp:paragraph --><\/p>\n<p><!-- wp:paragraph --><\/p>\n<p>Un tr\u00e8s bon parcours, 1er de sa poule, il s&#8217;incline en quart de Finale en tableau avec 64 engag\u00e9s en -90kg. Bravo pour cette belle performance.<\/p>\n<p><!-- \/wp:paragraph --><\/p>\n<p><!-- wp:paragraph {\"style\":{\"elements\":{\"link\":{\"color\":{\"text\":\"var:preset|color|accent\"}}}},\"textColor\":\"accent\"} --><\/p>\n<p class=\"has-accent-color has-text-color has-link-color\"><strong>25\/05\/24: Championnat 95 3D Seniors<\/strong><\/p>\n<p><!-- \/wp:paragraph --><\/p>\n<p><!-- wp:paragraph --><\/p>\n<ul>\n<li>-90kg: Alex DRAPIN NC, -100: Pascal GBAHODE 5\u00e8me<\/li>\n<\/ul>\n<p><!-- \/wp:paragraph --><\/p>\n<p><!-- wp:paragraph {\"style\":{\"elements\":{\"link\":{\"color\":{\"text\":\"var:preset|color|accent\"}}}},\"textColor\":\"accent\"} --><\/p>\n<p class=\"has-accent-color has-text-color has-link-color\"><strong>25\/05\/24: Coupe Kyus 95 Cadets.ettes <\/strong><\/p>\n<p><!-- \/wp:paragraph --><\/p>\n<p><!-- wp:paragraph --><\/p>\n<ul>\n<li>-55: Adel NA\u00cfR 2\u00e8me<\/li>\n<\/ul>\n<p><!-- \/wp:paragraph --><\/p>\n<p><!-- wp:paragraph {\"style\":{\"elements\":{\"link\":{\"color\":{\"text\":\"var:preset|color|accent\"}}}},\"textColor\":\"accent\"} --><\/p>\n<p class=\"has-accent-color has-text-color has-link-color\"><strong>26\/05\/24: Championnat IDF Benjamins<\/strong><\/p>\n<p><!-- \/wp:paragraph --><\/p>\n<p><!-- wp:paragraph --><\/p>\n<ul>\n<li><strong>Walid BENABED<\/strong> a repr\u00e9senter avec courage le CSME Judo (4 combats)<\/li>\n<\/ul>\n<p><!-- \/wp:paragraph --><\/p>\n<p><!-- wp:paragraph {\"style\":{\"elements\":{\"link\":{\"color\":{\"text\":\"var:preset|color|accent\"}}}},\"textColor\":\"accent\"} --><\/p>\n<p class=\"has-accent-color has-text-color has-link-color\"><strong>09\/06\/24: Passage de Grades (Nogent s\/Oise)<\/strong><\/p>\n<p><!-- \/wp:paragraph --><\/p>\n<p><!-- wp:paragraph --><\/p>\n<ul>\n<li>Deux nouvelles ceintures noires 1er Dan, <strong>Charlie GBAHODE LE CRAS et Adel NA\u00cfR<\/strong>, un grand bravo.<\/li>\n<\/ul>\n<p><!-- \/wp:paragraph --><\/p>\n<p><!-- wp:paragraph {\"style\":{\"elements\":{\"link\":{\"color\":{\"text\":\"var:preset|color|accent\"}}}},\"textColor\":\"accent\"} --><\/p>\n<p class=\"has-accent-color has-text-color has-link-color\"><strong>15-16\/06\/2024\u00a0: TOURNOI DE BEAUMONT SUR OISE (95)<\/strong><\/p>\n<p><!-- \/wp:paragraph --><\/p>\n<p><!-- wp:paragraph --><\/p>\n<p><strong>25 combattants<\/strong>: 10 places de 1er, 3 places de 2\u00e8me, 6 places\u00a0de 3\u00e8me, 6 place de 4\u00e8me.<br \/>Bon r\u00e9sultats, bravo \u00e0 tous.<\/p>\n<p><!-- \/wp:paragraph --><\/p>\n<p><!-- wp:paragraph {\"style\":{\"elements\":{\"link\":{\"color\":{\"text\":\"var:preset|color|accent\"}}}},\"textColor\":\"accent\"} --><\/p>\n<p class=\"has-accent-color has-text-color has-link-color\"><strong>16\/06\/24: Passage de Grades (Plessis Robinsons)<\/strong><\/p>\n<p><!-- \/wp:paragraph --><\/p>\n<p><!-- wp:paragraph --><\/p>\n<ul>\n<li>Deux nouvelles ceintures noires 1er Dan, <strong>Gr\u00e9gory DELUMEAU et Tristan PAILLARD<\/strong>, un grand bravo.<\/li>\n<\/ul>\n<p><!-- \/wp:paragraph --><\/p>\n<p><!-- wp:paragraph {\"style\":{\"elements\":{\"link\":{\"color\":{\"text\":\"var:preset|color|accent\"}}}},\"textColor\":\"accent\"} --><\/p>\n<p class=\"has-accent-color has-text-color has-link-color\"><strong>22-23\/06\/24: Championnat de France V\u00e9t\u00e9rans (IJ)<\/strong><\/p>\n<p><!-- \/wp:paragraph --><\/p>\n<p><!-- wp:paragraph --><\/p>\n<ul>\n<li>M7 -90: Alex DRAPIN 5\u00e8me<\/li>\n<li>M3 -100: Pascal GBAHODE 2\u00e8me, un grand bravo.<\/li>\n<\/ul>\n<p><!-- \/wp:paragraph --><\/p>\t\t\t\t\t\t<\/div>\n\t\t\t\t<\/div>\n\t\t\t\t\t<\/div>\n\t\t<\/div>\n\t\t\t\t\t\t\t<\/div>\n\t\t<\/section>\n\t\t\t\t\t\t\t<\/div>\n\t\t","protected":false},"excerpt":{"rendered":"<p>07\/10\/2023: Crit\u00e9rium 95 Cadets(ettes) -90 : Gr\u00e9gory DELUMEAU 1er, Participation active de : Mina SAKI, Adel NA\u00cfR, Feras BENABED, Nathan KOKOSSOU. 08\/10\/2023: Crit\u00e9rium 95 Minimes M&amp;F -42 : Etan Bocquet Baptista 1er, -66 : Yacine BENABED 3\u00e8me, +73 : Gurgen MURADYAN 3\u00e8me, Participation active de: Kim ANSELME, Youma SYLLA, Tha\u00efs DELUMEAU, Mehdi MEDDEB. 21\/10\/2023: Master [&hellip;]<\/p>\n","protected":false},"author":2,"featured_media":3172,"comment_status":"closed","ping_status":"closed","sticky":false,"template":"","format":"standard","meta":{"footnotes":""},"categories":[2],"tags":[],"_links":{"self":[{"href":"http:\/\/www.eaubonnejudo.com\/wp\/wp-json\/wp\/v2\/posts\/2550"}],"collection":[{"href":"http:\/\/www.eaubonnejudo.com\/wp\/wp-json\/wp\/v2\/posts"}],"about":[{"href":"http:\/\/www.eaubonnejudo.com\/wp\/wp-json\/wp\/v2\/types\/post"}],"author":[{"embeddable":true,"href":"http:\/\/www.eaubonnejudo.com\/wp\/wp-json\/wp\/v2\/users\/2"}],"replies":[{"embeddable":true,"href":"http:\/\/www.eaubonnejudo.com\/wp\/wp-json\/wp\/v2\/comments?post=2550"}],"version-history":[{"count":93,"href":"http:\/\/www.eaubonnejudo.com\/wp\/wp-json\/wp\/v2\/posts\/2550\/revisions"}],"predecessor-version":[{"id":2876,"href":"http:\/\/www.eaubonnejudo.com\/wp\/wp-json\/wp\/v2\/posts\/2550\/revisions\/2876"}],"wp:featuredmedia":[{"embeddable":true,"href":"http:\/\/www.eaubonnejudo.com\/wp\/wp-json\/wp\/v2\/media\/3172"}],"wp:attachment":[{"href":"http:\/\/www.eaubonnejudo.com\/wp\/wp-json\/wp\/v2\/media?parent=2550"}],"wp:term":[{"taxonomy":"category","embeddable":true,"href":"http:\/\/www.eaubonnejudo.com\/wp\/wp-json\/wp\/v2\/categories?post=2550"},{"taxonomy":"post_tag","embeddable":true,"href":"http:\/\/www.eaubonnejudo.com\/wp\/wp-json\/wp\/v2\/tags?post=2550"}],"curies":[{"name":"wp","href":"https:\/\/api.w.org\/{rel}","templated":true}]}}